{"id":1,"date":"2025-03-18T22:27:12","date_gmt":"2025-03-18T22:27:12","guid":{"rendered":"https:\/\/ficonecta.com\/?p=1"},"modified":"2025-03-19T01:07:36","modified_gmt":"2025-03-19T01:07:36","slug":"memoria-2024","status":"publish","type":"post","link":"https:\/\/ficonecta.com\/index.php\/2025\/03\/18\/memoria-2024\/","title":{"rendered":"Gracias por ser parte de esta historia!"},"content":{"rendered":"\n<p>En el D\u00eda de <a href=\"https:\/\/www.facebook.com\/hashtag\/orizaba?__eep__=6&amp;__cft__[0]=AZVtZGjMewi4hmUecZKlXGbflYy2UzmUWyUWhrziFJKRg6szAzBmO32fsT-JcAzxVKSmaU6LffFWTaT-BPaNRrqoNiszrxidwsuGnA_MAcxddNRp-tYBLzewPToaAFoIMR2TsnUUJn0iiIj5tLZKQXWY3qmBxyYaX-R3mQPrbed9D5q4YbGvISn4dzOPBT5Ulzphp7Sbe30u3DCMDDdF2A4m&amp;__tn__=*NK-R\">#Orizaba<\/a>, compartimos con mucha emoci\u00f3n la memoria de la tercera edici\u00f3n del Festival Internacional de Cine de Orizaba (FICO), donde con cada proyecci\u00f3n, cada historia y cada aplauso se reflej\u00f3 la grandeza cultural de nuestra ciudad. <img decoding=\"async\" height=\"16\" width=\"16\" alt=\"\ud83c\udfac\" src=\"https:\/\/static.xx.fbcdn.net\/images\/emoji.php\/v9\/t2d\/1\/16\/1f3ac.png\"><\/p>\n\n\n\n<p>Gracias a quienes hicieron la magia del cine posible. <img decoding=\"async\" height=\"16\" width=\"16\" alt=\"\ud83d\ude4c\" src=\"https:\/\/static.xx.fbcdn.net\/images\/emoji.php\/v9\/tfd\/1\/16\/1f64c.png\"><\/p>\n\n\n\n<p><a><\/a><img decoding=\"async\" height=\"16\" width=\"16\" alt=\"\ud83c\udf7f\" src=\"https:\/\/static.xx.fbcdn.net\/images\/emoji.php\/v9\/t9a\/1\/16\/1f37f.png\">Conoce los <a href=\"https:\/\/www.facebook.com\/hashtag\/cortometrajes?__eep__=6&amp;__cft__[0]=AZVtZGjMewi4hmUecZKlXGbflYy2UzmUWyUWhrziFJKRg6szAzBmO32fsT-JcAzxVKSmaU6LffFWTaT-BPaNRrqoNiszrxidwsuGnA_MAcxddNRp-tYBLzewPToaAFoIMR2TsnUUJn0iiIj5tLZKQXWY3qmBxyYaX-R3mQPrbed9D5q4YbGvISn4dzOPBT5Ulzphp7Sbe30u3DCMDDdF2A4m&amp;__tn__=*NK-R\">#cortometrajes<\/a> ganadores aqu\u00ed:<\/p>\n\n\n\n<p><a href=\"https:\/\/www.ficonecta.com\/seleccion2024\">https:\/\/www.ficonecta.com\/seleccion2024<\/a><\/p>\n\n\n\n<p>\u00a1El cine nos une! <img loading=\"lazy\" decoding=\"async\" height=\"16\" width=\"16\" alt=\"\ud83c\udf9e\ufe0f\" src=\"https:\/\/static.xx.fbcdn.net\/images\/emoji.php\/v9\/t57\/1\/16\/1f39e.png\"><img loading=\"lazy\" decoding=\"async\" height=\"16\" width=\"16\" alt=\"\ud83c\udfad\" src=\"https:\/\/static.xx.fbcdn.net\/images\/emoji.php\/v9\/tae\/1\/16\/1f3ad.png\"><\/p>\n\n\n\n<p><img loading=\"lazy\" decoding=\"async\" height=\"16\" width=\"16\" alt=\"\ud83c\udf9e\ufe0f\" src=\"https:\/\/static.xx.fbcdn.net\/images\/emoji.php\/v9\/t57\/1\/16\/1f39e.png\"><a href=\"https:\/\/www.facebook.com\/hashtag\/fico2024?__eep__=6&amp;__cft__[0]=AZVtZGjMewi4hmUecZKlXGbflYy2UzmUWyUWhrziFJKRg6szAzBmO32fsT-JcAzxVKSmaU6LffFWTaT-BPaNRrqoNiszrxidwsuGnA_MAcxddNRp-tYBLzewPToaAFoIMR2TsnUUJn0iiIj5tLZKQXWY3qmBxyYaX-R3mQPrbed9D5q4YbGvISn4dzOPBT5Ulzphp7Sbe30u3DCMDDdF2A4m&amp;__tn__=*NK-R\">#FICO2024<\/a><a href=\"https:\/\/www.facebook.com\/hashtag\/orizabapueblom%C3%A1gico?__eep__=6&amp;__cft__[0]=AZVtZGjMewi4hmUecZKlXGbflYy2UzmUWyUWhrziFJKRg6szAzBmO32fsT-JcAzxVKSmaU6LffFWTaT-BPaNRrqoNiszrxidwsuGnA_MAcxddNRp-tYBLzewPToaAFoIMR2TsnUUJn0iiIj5tLZKQXWY3qmBxyYaX-R3mQPrbed9D5q4YbGvISn4dzOPBT5Ulzphp7Sbe30u3DCMDDdF2A4m&amp;__tn__=*NK-R\">#OrizabaPuebloM\u00e1gico<\/a><\/p>\n\n\n\n<p><img loading=\"lazy\" decoding=\"async\" height=\"16\" width=\"16\" alt=\"\ud83c\udfa5\" src=\"https:\/\/static.xx.fbcdn.net\/images\/emoji.php\/v9\/tff\/1\/16\/1f3a5.png\"><a href=\"https:\/\/www.facebook.com\/hashtag\/cineindependiente?__eep__=6&amp;__cft__[0]=AZVtZGjMewi4hmUecZKlXGbflYy2UzmUWyUWhrziFJKRg6szAzBmO32fsT-JcAzxVKSmaU6LffFWTaT-BPaNRrqoNiszrxidwsuGnA_MAcxddNRp-tYBLzewPToaAFoIMR2TsnUUJn0iiIj5tLZKQXWY3qmBxyYaX-R3mQPrbed9D5q4YbGvISn4dzOPBT5Ulzphp7Sbe30u3DCMDDdF2A4m&amp;__tn__=*NK-R\">#CineIndependiente<\/a><a href=\"https:\/\/www.facebook.com\/hashtag\/documentales?__eep__=6&amp;__cft__[0]=AZVtZGjMewi4hmUecZKlXGbflYy2UzmUWyUWhrziFJKRg6szAzBmO32fsT-JcAzxVKSmaU6LffFWTaT-BPaNRrqoNiszrxidwsuGnA_MAcxddNRp-tYBLzewPToaAFoIMR2TsnUUJn0iiIj5tLZKQXWY3qmBxyYaX-R3mQPrbed9D5q4YbGvISn4dzOPBT5Ulzphp7Sbe30u3DCMDDdF2A4m&amp;__tn__=*NK-R\">#Documentales<\/a><a href=\"https:\/\/www.facebook.com\/hashtag\/ficciones?__eep__=6&amp;__cft__[0]=AZVtZGjMewi4hmUecZKlXGbflYy2UzmUWyUWhrziFJKRg6szAzBmO32fsT-JcAzxVKSmaU6LffFWTaT-BPaNRrqoNiszrxidwsuGnA_MAcxddNRp-tYBLzewPToaAFoIMR2TsnUUJn0iiIj5tLZKQXWY3qmBxyYaX-R3mQPrbed9D5q4YbGvISn4dzOPBT5Ulzphp7Sbe30u3DCMDDdF2A4m&amp;__tn__=*NK-R\">#Ficciones<\/a><\/p>\n\n\n\n<p><img loading=\"lazy\" decoding=\"async\" height=\"16\" width=\"16\" alt=\"\ud83d\udc7e\" src=\"https:\/\/static.xx.fbcdn.net\/images\/emoji.php\/v9\/t5a\/1\/16\/1f47e.png\"><a href=\"https:\/\/www.facebook.com\/hashtag\/animaciones?__eep__=6&amp;__cft__[0]=AZVtZGjMewi4hmUecZKlXGbflYy2UzmUWyUWhrziFJKRg6szAzBmO32fsT-JcAzxVKSmaU6LffFWTaT-BPaNRrqoNiszrxidwsuGnA_MAcxddNRp-tYBLzewPToaAFoIMR2TsnUUJn0iiIj5tLZKQXWY3qmBxyYaX-R3mQPrbed9D5q4YbGvISn4dzOPBT5Ulzphp7Sbe30u3DCMDDdF2A4m&amp;__tn__=*NK-R\">#Animaciones<\/a><a href=\"https:\/\/www.facebook.com\/hashtag\/cortometrajesveracruzanos?__eep__=6&amp;__cft__[0]=AZVtZGjMewi4hmUecZKlXGbflYy2UzmUWyUWhrziFJKRg6szAzBmO32fsT-JcAzxVKSmaU6LffFWTaT-BPaNRrqoNiszrxidwsuGnA_MAcxddNRp-tYBLzewPToaAFoIMR2TsnUUJn0iiIj5tLZKQXWY3qmBxyYaX-R3mQPrbed9D5q4YbGvISn4dzOPBT5Ulzphp7Sbe30u3DCMDDdF2A4m&amp;__tn__=*NK-R\">#CortometrajesVeracruzanos<\/a><\/p>\n","protected":false},"excerpt":{"rendered":"<p>En el D\u00eda de #Orizaba, compartimos con mucha emoci\u00f3n la memoria de la tercera edici\u00f3n del Festival Internacional de Cine de Orizaba (FICO), donde con cada proyecci\u00f3n, cada historia y cada aplauso se reflej\u00f3 la grandeza cultural de nuestra ciudad. Gracias a quienes hicieron la magia del cine posible. Conoce los #cortometrajes ganadores aqu\u00ed: https:\/\/www.ficonecta.com\/seleccion2024 [&hellip;]<\/p>\n","protected":false},"author":1,"featured_media":0,"comment_status":"open","ping_status":"open","sticky":false,"template":"","format":"standard","meta":{"footnotes":""},"categories":[1],"tags":[],"class_list":["post-1","post","type-post","status-publish","format-standard","hentry","category-uncategorized"],"yoast_head":"<!-- This site is optimized with the Yoast SEO plugin v24.7 - https:\/\/yoast.com\/wordpress\/plugins\/seo\/ -->\n<title>Gracias por ser parte de esta historia! - Festival Internacional de Cine de Orizaba<\/title>\n<meta name=\"description\" content=\"En el D\u00eda de #Orizaba, compartimos con mucha emoci\u00f3n la memoria de nuestra tercera edici\u00f3n.\" \/>\n<meta name=\"robots\" content=\"index, follow, max-snippet:-1, max-image-preview:large, max-video-preview:-1\" \/>\n<link rel=\"canonical\" href=\"https:\/\/ficonecta.com\/index.php\/2025\/03\/18\/memoria-2024\/\" \/>\n<meta property=\"og:locale\" content=\"es_ES\" \/>\n<meta property=\"og:type\" content=\"article\" \/>\n<meta property=\"og:title\" content=\"Gracias por ser parte de esta historia! - Festival Internacional de Cine de Orizaba\" \/>\n<meta property=\"og:description\" content=\"En el D\u00eda de #Orizaba, compartimos con mucha emoci\u00f3n la memoria de nuestra tercera edici\u00f3n.\" \/>\n<meta property=\"og:url\" content=\"https:\/\/ficonecta.com\/index.php\/2025\/03\/18\/memoria-2024\/\" \/>\n<meta property=\"og:site_name\" content=\"Festival Internacional de Cine de Orizaba\" \/>\n<meta property=\"article:published_time\" content=\"2025-03-18T22:27:12+00:00\" \/>\n<meta property=\"article:modified_time\" content=\"2025-03-19T01:07:36+00:00\" \/>\n<meta property=\"og:image\" content=\"https:\/\/static.xx.fbcdn.net\/images\/emoji.php\/v9\/t2d\/1\/16\/1f3ac.png\" \/>\n<meta name=\"author\" content=\"admin\" \/>\n<meta name=\"twitter:card\" content=\"summary_large_image\" \/>\n<meta name=\"twitter:label1\" content=\"Escrito por\" \/>\n\t<meta name=\"twitter:data1\" content=\"admin\" \/>\n\t<meta name=\"twitter:label2\" content=\"Tiempo de lectura\" \/>\n\t<meta name=\"twitter:data2\" content=\"2 minutos\" \/>\n<script type=\"application\/ld+json\" class=\"yoast-schema-graph\">{\"@context\":\"https:\/\/schema.org\",\"@graph\":[{\"@type\":\"Article\",\"@id\":\"https:\/\/ficonecta.com\/index.php\/2025\/03\/18\/memoria-2024\/#article\",\"isPartOf\":{\"@id\":\"https:\/\/ficonecta.com\/index.php\/2025\/03\/18\/memoria-2024\/\"},\"author\":{\"name\":\"admin\",\"@id\":\"https:\/\/ficonecta.com\/#\/schema\/person\/a2b09f71497b63baf4080bb7ea6fff12\"},\"headline\":\"Gracias por ser parte de esta historia!\",\"datePublished\":\"2025-03-18T22:27:12+00:00\",\"dateModified\":\"2025-03-19T01:07:36+00:00\",\"mainEntityOfPage\":{\"@id\":\"https:\/\/ficonecta.com\/index.php\/2025\/03\/18\/memoria-2024\/\"},\"wordCount\":82,\"commentCount\":0,\"publisher\":{\"@id\":\"https:\/\/ficonecta.com\/#organization\"},\"image\":{\"@id\":\"https:\/\/ficonecta.com\/index.php\/2025\/03\/18\/memoria-2024\/#primaryimage\"},\"thumbnailUrl\":\"https:\/\/static.xx.fbcdn.net\/images\/emoji.php\/v9\/t2d\/1\/16\/1f3ac.png\",\"articleSection\":[\"Uncategorized\"],\"inLanguage\":\"es\",\"potentialAction\":[{\"@type\":\"CommentAction\",\"name\":\"Comment\",\"target\":[\"https:\/\/ficonecta.com\/index.php\/2025\/03\/18\/memoria-2024\/#respond\"]}]},{\"@type\":\"WebPage\",\"@id\":\"https:\/\/ficonecta.com\/index.php\/2025\/03\/18\/memoria-2024\/\",\"url\":\"https:\/\/ficonecta.com\/index.php\/2025\/03\/18\/memoria-2024\/\",\"name\":\"Gracias por ser parte de esta historia! - Festival Internacional de Cine de Orizaba\",\"isPartOf\":{\"@id\":\"https:\/\/ficonecta.com\/#website\"},\"primaryImageOfPage\":{\"@id\":\"https:\/\/ficonecta.com\/index.php\/2025\/03\/18\/memoria-2024\/#primaryimage\"},\"image\":{\"@id\":\"https:\/\/ficonecta.com\/index.php\/2025\/03\/18\/memoria-2024\/#primaryimage\"},\"thumbnailUrl\":\"https:\/\/static.xx.fbcdn.net\/images\/emoji.php\/v9\/t2d\/1\/16\/1f3ac.png\",\"datePublished\":\"2025-03-18T22:27:12+00:00\",\"dateModified\":\"2025-03-19T01:07:36+00:00\",\"description\":\"En el D\u00eda de #Orizaba, compartimos con mucha emoci\u00f3n la memoria de nuestra tercera edici\u00f3n.\",\"breadcrumb\":{\"@id\":\"https:\/\/ficonecta.com\/index.php\/2025\/03\/18\/memoria-2024\/#breadcrumb\"},\"inLanguage\":\"es\",\"potentialAction\":[{\"@type\":\"ReadAction\",\"target\":[\"https:\/\/ficonecta.com\/index.php\/2025\/03\/18\/memoria-2024\/\"]}]},{\"@type\":\"ImageObject\",\"inLanguage\":\"es\",\"@id\":\"https:\/\/ficonecta.com\/index.php\/2025\/03\/18\/memoria-2024\/#primaryimage\",\"url\":\"https:\/\/static.xx.fbcdn.net\/images\/emoji.php\/v9\/t2d\/1\/16\/1f3ac.png\",\"contentUrl\":\"https:\/\/static.xx.fbcdn.net\/images\/emoji.php\/v9\/t2d\/1\/16\/1f3ac.png\"},{\"@type\":\"BreadcrumbList\",\"@id\":\"https:\/\/ficonecta.com\/index.php\/2025\/03\/18\/memoria-2024\/#breadcrumb\",\"itemListElement\":[{\"@type\":\"ListItem\",\"position\":1,\"name\":\"Portada\",\"item\":\"https:\/\/ficonecta.com\/\"},{\"@type\":\"ListItem\",\"position\":2,\"name\":\"Gracias por ser parte de esta historia!\"}]},{\"@type\":\"WebSite\",\"@id\":\"https:\/\/ficonecta.com\/#website\",\"url\":\"https:\/\/ficonecta.com\/\",\"name\":\"Festival Internacional de Cine de Orizaba\",\"description\":\"\",\"publisher\":{\"@id\":\"https:\/\/ficonecta.com\/#organization\"},\"potentialAction\":[{\"@type\":\"SearchAction\",\"target\":{\"@type\":\"EntryPoint\",\"urlTemplate\":\"https:\/\/ficonecta.com\/?s={search_term_string}\"},\"query-input\":{\"@type\":\"PropertyValueSpecification\",\"valueRequired\":true,\"valueName\":\"search_term_string\"}}],\"inLanguage\":\"es\"},{\"@type\":\"Organization\",\"@id\":\"https:\/\/ficonecta.com\/#organization\",\"name\":\"Festival Internacional de Cine de Orizaba\",\"url\":\"https:\/\/ficonecta.com\/\",\"logo\":{\"@type\":\"ImageObject\",\"inLanguage\":\"es\",\"@id\":\"https:\/\/ficonecta.com\/#\/schema\/logo\/image\/\",\"url\":\"https:\/\/ficonecta.com\/wp-content\/uploads\/2025\/03\/logfo-1.png\",\"contentUrl\":\"https:\/\/ficonecta.com\/wp-content\/uploads\/2025\/03\/logfo-1.png\",\"width\":330,\"height\":330,\"caption\":\"Festival Internacional de Cine de Orizaba\"},\"image\":{\"@id\":\"https:\/\/ficonecta.com\/#\/schema\/logo\/image\/\"}},{\"@type\":\"Person\",\"@id\":\"https:\/\/ficonecta.com\/#\/schema\/person\/a2b09f71497b63baf4080bb7ea6fff12\",\"name\":\"admin\",\"image\":{\"@type\":\"ImageObject\",\"inLanguage\":\"es\",\"@id\":\"https:\/\/ficonecta.com\/#\/schema\/person\/image\/\",\"url\":\"https:\/\/secure.gravatar.com\/avatar\/6fdef14782819cd1e0516169b9d1e0f5d9a71fedb0687e4f2604675a4621c585?s=96&d=mm&r=g\",\"contentUrl\":\"https:\/\/secure.gravatar.com\/avatar\/6fdef14782819cd1e0516169b9d1e0f5d9a71fedb0687e4f2604675a4621c585?s=96&d=mm&r=g\",\"caption\":\"admin\"},\"sameAs\":[\"https:\/\/ficonecta.com\"],\"url\":\"https:\/\/ficonecta.com\/index.php\/author\/admin_6q1lxgvw\/\"}]}<\/script>\n<!-- \/ Yoast SEO plugin. -->","yoast_head_json":{"title":"Gracias por ser parte de esta historia! - Festival Internacional de Cine de Orizaba","description":"En el D\u00eda de #Orizaba, compartimos con mucha emoci\u00f3n la memoria de nuestra tercera edici\u00f3n.","robots":{"index":"index","follow":"follow","max-snippet":"max-snippet:-1","max-image-preview":"max-image-preview:large","max-video-preview":"max-video-preview:-1"},"canonical":"https:\/\/ficonecta.com\/index.php\/2025\/03\/18\/memoria-2024\/","og_locale":"es_ES","og_type":"article","og_title":"Gracias por ser parte de esta historia! - Festival Internacional de Cine de Orizaba","og_description":"En el D\u00eda de #Orizaba, compartimos con mucha emoci\u00f3n la memoria de nuestra tercera edici\u00f3n.","og_url":"https:\/\/ficonecta.com\/index.php\/2025\/03\/18\/memoria-2024\/","og_site_name":"Festival Internacional de Cine de Orizaba","article_published_time":"2025-03-18T22:27:12+00:00","article_modified_time":"2025-03-19T01:07:36+00:00","og_image":[{"url":"https:\/\/static.xx.fbcdn.net\/images\/emoji.php\/v9\/t2d\/1\/16\/1f3ac.png","type":"","width":"","height":""}],"author":"admin","twitter_card":"summary_large_image","twitter_misc":{"Escrito por":"admin","Tiempo de lectura":"2 minutos"},"schema":{"@context":"https:\/\/schema.org","@graph":[{"@type":"Article","@id":"https:\/\/ficonecta.com\/index.php\/2025\/03\/18\/memoria-2024\/#article","isPartOf":{"@id":"https:\/\/ficonecta.com\/index.php\/2025\/03\/18\/memoria-2024\/"},"author":{"name":"admin","@id":"https:\/\/ficonecta.com\/#\/schema\/person\/a2b09f71497b63baf4080bb7ea6fff12"},"headline":"Gracias por ser parte de esta historia!","datePublished":"2025-03-18T22:27:12+00:00","dateModified":"2025-03-19T01:07:36+00:00","mainEntityOfPage":{"@id":"https:\/\/ficonecta.com\/index.php\/2025\/03\/18\/memoria-2024\/"},"wordCount":82,"commentCount":0,"publisher":{"@id":"https:\/\/ficonecta.com\/#organization"},"image":{"@id":"https:\/\/ficonecta.com\/index.php\/2025\/03\/18\/memoria-2024\/#primaryimage"},"thumbnailUrl":"https:\/\/static.xx.fbcdn.net\/images\/emoji.php\/v9\/t2d\/1\/16\/1f3ac.png","articleSection":["Uncategorized"],"inLanguage":"es","potentialAction":[{"@type":"CommentAction","name":"Comment","target":["https:\/\/ficonecta.com\/index.php\/2025\/03\/18\/memoria-2024\/#respond"]}]},{"@type":"WebPage","@id":"https:\/\/ficonecta.com\/index.php\/2025\/03\/18\/memoria-2024\/","url":"https:\/\/ficonecta.com\/index.php\/2025\/03\/18\/memoria-2024\/","name":"Gracias por ser parte de esta historia! - Festival Internacional de Cine de Orizaba","isPartOf":{"@id":"https:\/\/ficonecta.com\/#website"},"primaryImageOfPage":{"@id":"https:\/\/ficonecta.com\/index.php\/2025\/03\/18\/memoria-2024\/#primaryimage"},"image":{"@id":"https:\/\/ficonecta.com\/index.php\/2025\/03\/18\/memoria-2024\/#primaryimage"},"thumbnailUrl":"https:\/\/static.xx.fbcdn.net\/images\/emoji.php\/v9\/t2d\/1\/16\/1f3ac.png","datePublished":"2025-03-18T22:27:12+00:00","dateModified":"2025-03-19T01:07:36+00:00","description":"En el D\u00eda de #Orizaba, compartimos con mucha emoci\u00f3n la memoria de nuestra tercera edici\u00f3n.","breadcrumb":{"@id":"https:\/\/ficonecta.com\/index.php\/2025\/03\/18\/memoria-2024\/#breadcrumb"},"inLanguage":"es","potentialAction":[{"@type":"ReadAction","target":["https:\/\/ficonecta.com\/index.php\/2025\/03\/18\/memoria-2024\/"]}]},{"@type":"ImageObject","inLanguage":"es","@id":"https:\/\/ficonecta.com\/index.php\/2025\/03\/18\/memoria-2024\/#primaryimage","url":"https:\/\/static.xx.fbcdn.net\/images\/emoji.php\/v9\/t2d\/1\/16\/1f3ac.png","contentUrl":"https:\/\/static.xx.fbcdn.net\/images\/emoji.php\/v9\/t2d\/1\/16\/1f3ac.png"},{"@type":"BreadcrumbList","@id":"https:\/\/ficonecta.com\/index.php\/2025\/03\/18\/memoria-2024\/#breadcrumb","itemListElement":[{"@type":"ListItem","position":1,"name":"Portada","item":"https:\/\/ficonecta.com\/"},{"@type":"ListItem","position":2,"name":"Gracias por ser parte de esta historia!"}]},{"@type":"WebSite","@id":"https:\/\/ficonecta.com\/#website","url":"https:\/\/ficonecta.com\/","name":"Festival Internacional de Cine de Orizaba","description":"","publisher":{"@id":"https:\/\/ficonecta.com\/#organization"},"potentialAction":[{"@type":"SearchAction","target":{"@type":"EntryPoint","urlTemplate":"https:\/\/ficonecta.com\/?s={search_term_string}"},"query-input":{"@type":"PropertyValueSpecification","valueRequired":true,"valueName":"search_term_string"}}],"inLanguage":"es"},{"@type":"Organization","@id":"https:\/\/ficonecta.com\/#organization","name":"Festival Internacional de Cine de Orizaba","url":"https:\/\/ficonecta.com\/","logo":{"@type":"ImageObject","inLanguage":"es","@id":"https:\/\/ficonecta.com\/#\/schema\/logo\/image\/","url":"https:\/\/ficonecta.com\/wp-content\/uploads\/2025\/03\/logfo-1.png","contentUrl":"https:\/\/ficonecta.com\/wp-content\/uploads\/2025\/03\/logfo-1.png","width":330,"height":330,"caption":"Festival Internacional de Cine de Orizaba"},"image":{"@id":"https:\/\/ficonecta.com\/#\/schema\/logo\/image\/"}},{"@type":"Person","@id":"https:\/\/ficonecta.com\/#\/schema\/person\/a2b09f71497b63baf4080bb7ea6fff12","name":"admin","image":{"@type":"ImageObject","inLanguage":"es","@id":"https:\/\/ficonecta.com\/#\/schema\/person\/image\/","url":"https:\/\/secure.gravatar.com\/avatar\/6fdef14782819cd1e0516169b9d1e0f5d9a71fedb0687e4f2604675a4621c585?s=96&d=mm&r=g","contentUrl":"https:\/\/secure.gravatar.com\/avatar\/6fdef14782819cd1e0516169b9d1e0f5d9a71fedb0687e4f2604675a4621c585?s=96&d=mm&r=g","caption":"admin"},"sameAs":["https:\/\/ficonecta.com"],"url":"https:\/\/ficonecta.com\/index.php\/author\/admin_6q1lxgvw\/"}]}},"jetpack_featured_media_url":"","_links":{"self":[{"href":"https:\/\/ficonecta.com\/index.php\/wp-json\/wp\/v2\/posts\/1","targetHints":{"allow":["GET"]}}],"collection":[{"href":"https:\/\/ficonecta.com\/index.php\/wp-json\/wp\/v2\/posts"}],"about":[{"href":"https:\/\/ficonecta.com\/index.php\/wp-json\/wp\/v2\/types\/post"}],"author":[{"embeddable":true,"href":"https:\/\/ficonecta.com\/index.php\/wp-json\/wp\/v2\/users\/1"}],"replies":[{"embeddable":true,"href":"https:\/\/ficonecta.com\/index.php\/wp-json\/wp\/v2\/comments?post=1"}],"version-history":[{"count":1,"href":"https:\/\/ficonecta.com\/index.php\/wp-json\/wp\/v2\/posts\/1\/revisions"}],"predecessor-version":[{"id":17,"href":"https:\/\/ficonecta.com\/index.php\/wp-json\/wp\/v2\/posts\/1\/revisions\/17"}],"wp:attachment":[{"href":"https:\/\/ficonecta.com\/index.php\/wp-json\/wp\/v2\/media?parent=1"}],"wp:term":[{"taxonomy":"category","embeddable":true,"href":"https:\/\/ficonecta.com\/index.php\/wp-json\/wp\/v2\/categories?post=1"},{"taxonomy":"post_tag","embeddable":true,"href":"https:\/\/ficonecta.com\/index.php\/wp-json\/wp\/v2\/tags?post=1"}],"curies":[{"name":"wp","href":"https:\/\/api.w.org\/{rel}","templated":true}]}}